{"id":146,"date":"2022-09-27T11:29:58","date_gmt":"2022-09-27T07:29:58","guid":{"rendered":"http:\/\/e-bulleten.incilab.az\/?p=146"},"modified":"2022-09-27T11:30:55","modified_gmt":"2022-09-27T07:30:55","slug":"27-sentyabr-44-gunluk-muharib%c9%99nin-baslandigi-sanli-tarix","status":"publish","type":"post","link":"https:\/\/e-bulleten.incilab.az\/?p=146","title":{"rendered":"27 Sentyabr 44 g\u00fcnl\u00fck m\u00fcharib\u0259nin ba\u015fland\u0131\u011f\u0131 \u015fanl\u0131 tarix\u2026"},"content":{"rendered":"<div class=\"content-inner\" dir=\"auto\">\n<p class=\"text-content with-meta\" dir=\"auto\">30 illik h\u0259sr\u0259tin son qoyuldu\u011fu, Az\u0259rbaycan\u0131n haqq yolunun ba\u015flan\u011f\u0131c\u0131 olan bu tarix, n\u0259 q\u0259d\u0259r q\u00fcrurlu olsa da, bir o q\u0259d\u0259r d\u0259 h\u00fcznl\u00fcd\u00fcr. &#8220;\u0130nci labaratoriyalar\u0131&#8221; olaraq tariximiz\u0259 yaz\u0131lan q\u0259l\u0259b\u0259ni biz\u0259 ya\u015fadan \u015f\u0259hidl\u0259rimiz qar\u015f\u0131s\u0131nda ba\u015f \u0259yir, ehtiramla yad edirik. Azadl\u0131\u011f\u0131m\u0131z\u0131n, birliyimizin daim olmas\u0131 dil\u0259yi il\u0259\u2026 Ya\u015fas\u0131n Az\u0259rbaycan Ordusu! Qaraba\u011f Az\u0259rbaycand\u0131r!<\/p>\n<\/div>\n<div class=\"svg-appendix\">\n<div style=\"width: 790px;\" class=\"wp-video\"><video class=\"wp-video-shortcode\" id=\"video-146-1\" width=\"790\" height=\"790\" preload=\"metadata\" controls=\"controls\"><source type=\"video\/mp4\" src=\"https:\/\/e-bulleten.incilab.az\/wp-content\/uploads\/2022\/09\/IMG_7583.mp4?_=1\" \/><a href=\"https:\/\/e-bulleten.incilab.az\/wp-content\/uploads\/2022\/09\/IMG_7583.mp4\">https:\/\/e-bulleten.incilab.az\/wp-content\/uploads\/2022\/09\/IMG_7583.mp4<\/a><\/video><\/div>\n<\/div>\n","protected":false},"excerpt":{"rendered":"<p>30 illik h\u0259sr\u0259tin son qoyuldu\u011fu, Az\u0259rbaycan\u0131n haqq yolunun ba\u015flan\u011f\u0131c\u0131 olan bu tarix, n\u0259 q\u0259d\u0259r q\u00fcrurlu olsa da, bir o q\u0259d\u0259r d\u0259 h\u00fcznl\u00fcd\u00fcr. &#8220;\u0130nci labaratoriyalar\u0131&#8221; olaraq tariximiz\u0259 yaz\u0131lan q\u0259l\u0259b\u0259ni biz\u0259 ya\u015fadan \u015f\u0259hidl\u0259rimiz qar\u015f\u0131s\u0131nda ba\u015f \u0259yir, ehtiramla yad edirik. Azadl\u0131\u011f\u0131m\u0131z\u0131n, birliyimizin daim olmas\u0131 dil\u0259yi il\u0259\u2026 Ya\u015fas\u0131n Az\u0259rbaycan Ordusu! Qaraba\u011f Az\u0259rbaycand\u0131r!<\/p>\n","protected":false},"author":1,"featured_media":148,"comment_status":"open","ping_status":"open","sticky":false,"template":"","format":"standard","meta":{"footnotes":""},"categories":[1],"tags":[13],"class_list":["post-146","post","type-post","status-publish","format-standard","has-post-thumbnail","hentry","category-on-cixanlar","tag-sehidlerolmezvetenbolunmez-vetenmuharibesi-animgunu","latest_post"],"_links":{"self":[{"href":"https:\/\/e-bulleten.incilab.az\/index.php?rest_route=\/wp\/v2\/posts\/146","targetHints":{"allow":["GET"]}}],"collection":[{"href":"https:\/\/e-bulleten.incilab.az\/index.php?rest_route=\/wp\/v2\/posts"}],"about":[{"href":"https:\/\/e-bulleten.incilab.az\/index.php?rest_route=\/wp\/v2\/types\/post"}],"author":[{"embeddable":true,"href":"https:\/\/e-bulleten.incilab.az\/index.php?rest_route=\/wp\/v2\/users\/1"}],"replies":[{"embeddable":true,"href":"https:\/\/e-bulleten.incilab.az\/index.php?rest_route=%2Fwp%2Fv2%2Fcomments&post=146"}],"version-history":[{"count":2,"href":"https:\/\/e-bulleten.incilab.az\/index.php?rest_route=\/wp\/v2\/posts\/146\/revisions"}],"predecessor-version":[{"id":150,"href":"https:\/\/e-bulleten.incilab.az\/index.php?rest_route=\/wp\/v2\/posts\/146\/revisions\/150"}],"wp:featuredmedia":[{"embeddable":true,"href":"https:\/\/e-bulleten.incilab.az\/index.php?rest_route=\/wp\/v2\/media\/148"}],"wp:attachment":[{"href":"https:\/\/e-bulleten.incilab.az\/index.php?rest_route=%2Fwp%2Fv2%2Fmedia&parent=146"}],"wp:term":[{"taxonomy":"category","embeddable":true,"href":"https:\/\/e-bulleten.incilab.az\/index.php?rest_route=%2Fwp%2Fv2%2Fcategories&post=146"},{"taxonomy":"post_tag","embeddable":true,"href":"https:\/\/e-bulleten.incilab.az\/index.php?rest_route=%2Fwp%2Fv2%2Ftags&post=146"}],"curies":[{"name":"wp","href":"https:\/\/api.w.org\/{rel}","templated":true}]}}