{"id":326,"date":"2023-06-15T05:42:27","date_gmt":"2023-06-15T05:42:27","guid":{"rendered":"http:\/\/e-bulleten.incilab.az\/?p=326"},"modified":"2023-06-15T05:42:27","modified_gmt":"2023-06-15T05:42:27","slug":"15-iyun-olk%c9%99mizd%c9%99-milli-qurtulus-gunudur","status":"publish","type":"post","link":"https:\/\/e-bulleten.incilab.az\/?p=326","title":{"rendered":"15 iyun \u00f6lk\u0259mizd\u0259 Milli Qurtulu\u015f G\u00fcn\u00fcd\u00fcr."},"content":{"rendered":"<p>D\u00fcz 30 il \u0259vv\u0259l &#8211; \u00dcmummilli lider Heyd\u0259r \u018fliyev Az\u0259rbaycan xalq\u0131n\u0131n \u00e7a\u011f\u0131r\u0131\u015f\u0131 il\u0259 hakimiyy\u0259t\u0259 qay\u0131tm\u0131\u015f, bununla da \u00f6lk\u0259miz z\u0259f\u0259r v\u0259 t\u0259r\u0259qqi yoluna q\u0259d\u0259m qoymu\u015fdur.<br \/>\nMilli Qurtulu\u015f g\u00fcn\u00fc azadl\u0131\u011fa, qurtulu\u015fa, Z\u0259f\u0259r\u0259 ged\u0259n yolumuzun ba\u015flan\u011f\u0131c\u0131d\u0131r! Bu g\u00fcn m\u00fcnasib\u0259til\u0259 xalq\u0131m\u0131z\u0131 t\u0259brik edir, d\u00f6vl\u0259timiz\u0259 s\u00fclh, \u0259min-amanl\u0131q arzulay\u0131r\u0131q!<\/p>\n","protected":false},"excerpt":{"rendered":"<p>D\u00fcz 30 il \u0259vv\u0259l &#8211; \u00dcmummilli lider Heyd\u0259r \u018fliyev Az\u0259rbaycan xalq\u0131n\u0131n \u00e7a\u011f\u0131r\u0131\u015f\u0131 il\u0259 hakimiyy\u0259t\u0259 qay\u0131tm\u0131\u015f, bununla da \u00f6lk\u0259miz z\u0259f\u0259r v\u0259 t\u0259r\u0259qqi yoluna q\u0259d\u0259m qoymu\u015fdur. Milli Qurtulu\u015f g\u00fcn\u00fc azadl\u0131\u011fa, qurtulu\u015fa, Z\u0259f\u0259r\u0259 ged\u0259n yolumuzun ba\u015flan\u011f\u0131c\u0131d\u0131r! Bu g\u00fcn m\u00fcnasib\u0259til\u0259 xalq\u0131m\u0131z\u0131 t\u0259brik edir, d\u00f6vl\u0259timiz\u0259 s\u00fclh, \u0259min-amanl\u0131q arzulay\u0131r\u0131q!<\/p>\n","protected":false},"author":1,"featured_media":327,"comment_status":"open","ping_status":"open","sticky":false,"template":"","format":"standard","meta":{"footnotes":""},"categories":[1],"tags":[],"class_list":["post-326","post","type-post","status-publish","format-standard","has-post-thumbnail","hentry","category-on-cixanlar","latest_post"],"_links":{"self":[{"href":"https:\/\/e-bulleten.incilab.az\/index.php?rest_route=\/wp\/v2\/posts\/326","targetHints":{"allow":["GET"]}}],"collection":[{"href":"https:\/\/e-bulleten.incilab.az\/index.php?rest_route=\/wp\/v2\/posts"}],"about":[{"href":"https:\/\/e-bulleten.incilab.az\/index.php?rest_route=\/wp\/v2\/types\/post"}],"author":[{"embeddable":true,"href":"https:\/\/e-bulleten.incilab.az\/index.php?rest_route=\/wp\/v2\/users\/1"}],"replies":[{"embeddable":true,"href":"https:\/\/e-bulleten.incilab.az\/index.php?rest_route=%2Fwp%2Fv2%2Fcomments&post=326"}],"version-history":[{"count":1,"href":"https:\/\/e-bulleten.incilab.az\/index.php?rest_route=\/wp\/v2\/posts\/326\/revisions"}],"predecessor-version":[{"id":328,"href":"https:\/\/e-bulleten.incilab.az\/index.php?rest_route=\/wp\/v2\/posts\/326\/revisions\/328"}],"wp:featuredmedia":[{"embeddable":true,"href":"https:\/\/e-bulleten.incilab.az\/index.php?rest_route=\/wp\/v2\/media\/327"}],"wp:attachment":[{"href":"https:\/\/e-bulleten.incilab.az\/index.php?rest_route=%2Fwp%2Fv2%2Fmedia&parent=326"}],"wp:term":[{"taxonomy":"category","embeddable":true,"href":"https:\/\/e-bulleten.incilab.az\/index.php?rest_route=%2Fwp%2Fv2%2Fcategories&post=326"},{"taxonomy":"post_tag","embeddable":true,"href":"https:\/\/e-bulleten.incilab.az\/index.php?rest_route=%2Fwp%2Fv2%2Ftags&post=326"}],"curies":[{"name":"wp","href":"https:\/\/api.w.org\/{rel}","templated":true}]}}