{"id":387,"date":"2024-05-10T08:38:33","date_gmt":"2024-05-10T08:38:33","guid":{"rendered":"http:\/\/e-bulleten.incilab.az\/?p=387"},"modified":"2024-05-10T08:38:33","modified_gmt":"2024-05-10T08:38:33","slug":"az%c9%99rbaycan-dovl%c9%99tinin-memari-v%c9%99-qurucusu-heyd%c9%99r-eliyevin-anadan-olmasinin-101-ili-tamam-olur","status":"publish","type":"post","link":"https:\/\/e-bulleten.incilab.az\/?p=387","title":{"rendered":"Az\u0259rbaycan d\u00f6vl\u0259tinin memar\u0131 v\u0259 qurucusu Heyd\u0259r \u018fliyevin anadan olmas\u0131n\u0131n 101 ili tamam olur"},"content":{"rendered":"<p>10 may Az\u0259rbaycan xalq\u0131n\u0131n \u00dcmummilli Lideri, m\u00fcasir m\u00fcst\u0259qil Az\u0259rbaycan d\u00f6vl\u0259tinin memar\u0131 v\u0259 qurucusu Heyd\u0259r \u018fliyevin anadan olmas\u0131n\u0131n 101 ili tamam olur.<\/p>\n<p>Ulu \u00f6nd\u0259r t\u0259kc\u0259 bir \u00f6lk\u0259 miqyas\u0131nda yox, d\u00fcnya \u0259h\u0259miyy\u0259tli m\u0259s\u0259l\u0259l\u0259rin h\u0259llind\u0259 q\u0259tiyy\u0259tli s\u00f6z\u00fcn\u00fc dey\u0259 bil\u0259n nadir siyas\u0259t\u00e7i idi.<\/p>\n<p>\u00d6mr\u00fcn\u00fc xalq\u0131na h\u0259sr etmi\u015f, \u0259b\u0259diya\u015far Heyd\u0259r \u018fliyevin \u0259ziz xatir\u0259sini d\u0259rin h\u00f6rm\u0259t v\u0259 ehtiramla yad edirik!<\/p>\n","protected":false},"excerpt":{"rendered":"<p>10 may Az\u0259rbaycan xalq\u0131n\u0131n \u00dcmummilli Lideri, m\u00fcasir m\u00fcst\u0259qil Az\u0259rbaycan d\u00f6vl\u0259tinin memar\u0131 v\u0259 qurucusu Heyd\u0259r \u018fliyevin anadan olmas\u0131n\u0131n 101 ili tamam olur. Ulu \u00f6nd\u0259r t\u0259kc\u0259 bir \u00f6lk\u0259 miqyas\u0131nda yox, d\u00fcnya \u0259h\u0259miyy\u0259tli m\u0259s\u0259l\u0259l\u0259rin h\u0259llind\u0259 q\u0259tiyy\u0259tli s\u00f6z\u00fcn\u00fc dey\u0259 bil\u0259n nadir siyas\u0259t\u00e7i idi. \u00d6mr\u00fcn\u00fc xalq\u0131na h\u0259sr etmi\u015f, \u0259b\u0259diya\u015far Heyd\u0259r \u018fliyevin \u0259ziz xatir\u0259sini d\u0259rin h\u00f6rm\u0259t v\u0259 ehtiramla yad edirik!<\/p>\n","protected":false},"author":1,"featured_media":388,"comment_status":"open","ping_status":"open","sticky":false,"template":"","format":"standard","meta":{"footnotes":""},"categories":[1],"tags":[],"class_list":["post-387","post","type-post","status-publish","format-standard","has-post-thumbnail","hentry","category-on-cixanlar","latest_post"],"_links":{"self":[{"href":"https:\/\/e-bulleten.incilab.az\/index.php?rest_route=\/wp\/v2\/posts\/387","targetHints":{"allow":["GET"]}}],"collection":[{"href":"https:\/\/e-bulleten.incilab.az\/index.php?rest_route=\/wp\/v2\/posts"}],"about":[{"href":"https:\/\/e-bulleten.incilab.az\/index.php?rest_route=\/wp\/v2\/types\/post"}],"author":[{"embeddable":true,"href":"https:\/\/e-bulleten.incilab.az\/index.php?rest_route=\/wp\/v2\/users\/1"}],"replies":[{"embeddable":true,"href":"https:\/\/e-bulleten.incilab.az\/index.php?rest_route=%2Fwp%2Fv2%2Fcomments&post=387"}],"version-history":[{"count":1,"href":"https:\/\/e-bulleten.incilab.az\/index.php?rest_route=\/wp\/v2\/posts\/387\/revisions"}],"predecessor-version":[{"id":389,"href":"https:\/\/e-bulleten.incilab.az\/index.php?rest_route=\/wp\/v2\/posts\/387\/revisions\/389"}],"wp:featuredmedia":[{"embeddable":true,"href":"https:\/\/e-bulleten.incilab.az\/index.php?rest_route=\/wp\/v2\/media\/388"}],"wp:attachment":[{"href":"https:\/\/e-bulleten.incilab.az\/index.php?rest_route=%2Fwp%2Fv2%2Fmedia&parent=387"}],"wp:term":[{"taxonomy":"category","embeddable":true,"href":"https:\/\/e-bulleten.incilab.az\/index.php?rest_route=%2Fwp%2Fv2%2Fcategories&post=387"},{"taxonomy":"post_tag","embeddable":true,"href":"https:\/\/e-bulleten.incilab.az\/index.php?rest_route=%2Fwp%2Fv2%2Ftags&post=387"}],"curies":[{"name":"wp","href":"https:\/\/api.w.org\/{rel}","templated":true}]}}